{"id":365,"date":"2018-12-21T15:19:48","date_gmt":"2018-12-21T15:19:48","guid":{"rendered":"http:\/\/begegnungsgarten.de\/?p=365"},"modified":"2019-05-07T13:26:45","modified_gmt":"2019-05-07T13:26:45","slug":"treffen-im-garten-in-der-winterzeit","status":"publish","type":"post","link":"http:\/\/begegnungsgarten.de\/?p=365","title":{"rendered":"Der Garten in der Winterzeit"},"content":{"rendered":"\t\t<div data-elementor-type=\"wp-post\" data-elementor-id=\"365\" class=\"elementor elementor-365 elementor-bc-flex-widget\" data-elementor-settings=\"[]\">\n\t\t\t\t\t\t<div class=\"elementor-inner\">\n\t\t\t\t\t\t\t<div class=\"elementor-section-wrap\">\n\t\t\t\t\t\t\t<section class=\"elementor-section elementor-top-section elementor-element elementor-element-b66ddb2 elementor-section-boxed elementor-section-height-default elementor-section-height-default\" data-id=\"b66ddb2\" data-element_type=\"section\">\n\t\t\t\t\t\t<div class=\"elementor-container elementor-column-gap-default\">\n\t\t\t\t\t\t\t<div class=\"elementor-row\">\n\t\t\t\t\t<div class=\"elementor-column elementor-col-100 elementor-top-column elementor-element elementor-element-c75c658\" data-id=\"c75c658\" data-element_type=\"column\">\n\t\t\t<div class=\"elementor-column-wrap elementor-element-populated\">\n\t\t\t\t\t\t\t<div class=\"elementor-widget-wrap\">\n\t\t\t\t\t\t<div class=\"elementor-element elementor-element-2509c8a elementor-widget elementor-widget-text-editor\" data-id=\"2509c8a\" data-element_type=\"widget\" data-widget_type=\"text-editor.default\">\n\t\t\t\t<div class=\"elementor-widget-container\">\n\t\t\t\t\t\t\t\t<div class=\"elementor-text-editor elementor-clearfix\">\n\t\t\t\t\t<p><span style=\"font-family: Roboto, sans-serif; font-size: 14px; font-style: normal; font-variant-ligatures: normal; font-variant-caps: normal; font-weight: 400;\">Aufgrund der schlechten Witterung hat das Organisationsteam beschlossen, dass wir eine Winterpause bis ca. Mitte Februar einlegen. Wann es wieder los geht, erfahrt Ihr rechtzeitig hier. Wer sich in der Zwischenzeit f\u00fcr den Garten\u00a0der Begegnung n\u00e4her informieren m\u00f6chte, kann dies gerne bei Wolfgang J\u00fcngling, Tel. 07472 \/ 165-407 oder per E-Mail willkommenskultur@rottenburg.de tun.<\/span><\/p>\t\t\t\t\t<\/div>\n\t\t\t\t\t\t<\/div>\n\t\t\t\t<\/div>\n\t\t\t\t\t\t<\/div>\n\t\t\t\t\t<\/div>\n\t\t<\/div>\n\t\t\t\t\t\t\t\t<\/div>\n\t\t\t\t\t<\/div>\n\t\t<\/section>\n\t\t\t\t<section class=\"elementor-section elementor-top-section elementor-element elementor-element-da31233 elementor-section-boxed elementor-section-height-default elementor-section-height-default\" data-id=\"da31233\" data-element_type=\"section\">\n\t\t\t\t\t\t<div class=\"elementor-container elementor-column-gap-default\">\n\t\t\t\t\t\t\t<div class=\"elementor-row\">\n\t\t\t\t\t<div class=\"elementor-column elementor-col-33 elementor-top-column elementor-element elementor-element-78d1bb8\" data-id=\"78d1bb8\" data-element_type=\"column\">\n\t\t\t<div class=\"elementor-column-wrap elementor-element-populated\">\n\t\t\t\t\t\t\t<div class=\"elementor-widget-wrap\">\n\t\t\t\t\t\t<div class=\"elementor-element elementor-element-5a082fa elementor-widget elementor-widget-image\" data-id=\"5a082fa\" data-element_type=\"widget\" data-widget_type=\"image.default\">\n\t\t\t\t<div class=\"elementor-widget-container\">\n\t\t\t\t\t\t\t\t<div class=\"elementor-image\">\n\t\t\t\t\t\t\t\t\t\t\t\t\t<a href=\"http:\/\/begegnungsgarten.de\/wp-content\/uploads\/2019\/01\/GdB_Winter.jpg\" data-elementor-open-lightbox=\"yes\" data-elementor-lightbox-title=\"GdB_Winter\">\n\t\t\t\t\t\t\t<img width=\"1024\" height=\"683\" src=\"http:\/\/begegnungsgarten.de\/wp-content\/uploads\/2019\/01\/GdB_Winter-1024x683.jpg\" class=\"attachment-large size-large\" alt=\"Garten im Schnee\" loading=\"lazy\" srcset=\"http:\/\/begegnungsgarten.de\/wp-content\/uploads\/2019\/01\/GdB_Winter-1024x683.jpg 1024w, http:\/\/begegnungsgarten.de\/wp-content\/uploads\/2019\/01\/GdB_Winter-300x200.jpg 300w, http:\/\/begegnungsgarten.de\/wp-content\/uploads\/2019\/01\/GdB_Winter-768x512.jpg 768w, http:\/\/begegnungsgarten.de\/wp-content\/uploads\/2019\/01\/GdB_Winter.jpg 1417w\" sizes=\"(max-width: 1024px) 100vw, 1024px\" \/>\t\t\t\t\t\t\t\t<\/a>\n\t\t\t\t\t\t\t\t\t\t\t\t\t\t<\/div>\n\t\t\t\t\t\t<\/div>\n\t\t\t\t<\/div>\n\t\t\t\t\t\t<\/div>\n\t\t\t\t\t<\/div>\n\t\t<\/div>\n\t\t\t\t<div class=\"elementor-column elementor-col-33 elementor-top-column elementor-element elementor-element-6363578\" data-id=\"6363578\" data-element_type=\"column\">\n\t\t\t<div class=\"elementor-column-wrap elementor-element-populated\">\n\t\t\t\t\t\t\t<div class=\"elementor-widget-wrap\">\n\t\t\t\t\t\t<div class=\"elementor-element elementor-element-e40f096 elementor-widget elementor-widget-image\" data-id=\"e40f096\" data-element_type=\"widget\" data-widget_type=\"image.default\">\n\t\t\t\t<div class=\"elementor-widget-container\">\n\t\t\t\t\t\t\t\t<div class=\"elementor-image\">\n\t\t\t\t\t\t\t\t\t\t\t\t\t<a href=\"http:\/\/begegnungsgarten.de\/wp-content\/uploads\/2018\/12\/Winterbild_web.jpg\" data-elementor-open-lightbox=\"yes\" data-elementor-lightbox-title=\"Winterbild_web\">\n\t\t\t\t\t\t\t<img width=\"1024\" height=\"694\" src=\"http:\/\/begegnungsgarten.de\/wp-content\/uploads\/2018\/12\/Winterbild_web-1024x694.jpg\" class=\"attachment-large size-large\" alt=\"Schneemann auf einem Schneeberg\" loading=\"lazy\" srcset=\"http:\/\/begegnungsgarten.de\/wp-content\/uploads\/2018\/12\/Winterbild_web-1024x694.jpg 1024w, http:\/\/begegnungsgarten.de\/wp-content\/uploads\/2018\/12\/Winterbild_web-300x203.jpg 300w, http:\/\/begegnungsgarten.de\/wp-content\/uploads\/2018\/12\/Winterbild_web-768x520.jpg 768w, http:\/\/begegnungsgarten.de\/wp-content\/uploads\/2018\/12\/Winterbild_web.jpg 1417w\" sizes=\"(max-width: 1024px) 100vw, 1024px\" \/>\t\t\t\t\t\t\t\t<\/a>\n\t\t\t\t\t\t\t\t\t\t\t\t\t\t<\/div>\n\t\t\t\t\t\t<\/div>\n\t\t\t\t<\/div>\n\t\t\t\t\t\t<\/div>\n\t\t\t\t\t<\/div>\n\t\t<\/div>\n\t\t\t\t<div class=\"elementor-column elementor-col-33 elementor-top-column elementor-element elementor-element-ec07cbe\" data-id=\"ec07cbe\" data-element_type=\"column\">\n\t\t\t<div class=\"elementor-column-wrap elementor-element-populated\">\n\t\t\t\t\t\t\t<div class=\"elementor-widget-wrap\">\n\t\t\t\t\t\t<div class=\"elementor-element elementor-element-077eb4b elementor-widget elementor-widget-image\" data-id=\"077eb4b\" data-element_type=\"widget\" data-widget_type=\"image.default\">\n\t\t\t\t<div class=\"elementor-widget-container\">\n\t\t\t\t\t\t\t\t<div class=\"elementor-image\">\n\t\t\t\t\t\t\t\t\t\t\t\t\t<a href=\"http:\/\/begegnungsgarten.de\/wp-content\/uploads\/2019\/01\/GdB_Winter1.jpg\" data-elementor-open-lightbox=\"yes\" data-elementor-lightbox-title=\"GdB_Winter1\">\n\t\t\t\t\t\t\t<img width=\"1024\" height=\"693\" src=\"http:\/\/begegnungsgarten.de\/wp-content\/uploads\/2019\/01\/GdB_Winter1-1024x693.jpg\" class=\"attachment-large size-large\" alt=\"Hochbeete und H\u00fctte im Schnee\" loading=\"lazy\" srcset=\"http:\/\/begegnungsgarten.de\/wp-content\/uploads\/2019\/01\/GdB_Winter1-1024x693.jpg 1024w, http:\/\/begegnungsgarten.de\/wp-content\/uploads\/2019\/01\/GdB_Winter1-300x203.jpg 300w, http:\/\/begegnungsgarten.de\/wp-content\/uploads\/2019\/01\/GdB_Winter1-768x520.jpg 768w, http:\/\/begegnungsgarten.de\/wp-content\/uploads\/2019\/01\/GdB_Winter1.jpg 1417w\" sizes=\"(max-width: 1024px) 100vw, 1024px\" \/>\t\t\t\t\t\t\t\t<\/a>\n\t\t\t\t\t\t\t\t\t\t\t\t\t\t<\/div>\n\t\t\t\t\t\t<\/div>\n\t\t\t\t<\/div>\n\t\t\t\t\t\t<\/div>\n\t\t\t\t\t<\/div>\n\t\t<\/div>\n\t\t\t\t\t\t\t\t<\/div>\n\t\t\t\t\t<\/div>\n\t\t<\/section>\n\t\t\t\t<section class=\"elementor-section elementor-top-section elementor-element elementor-element-cde0c60 elementor-section-boxed elementor-section-height-default elementor-section-height-default\" data-id=\"cde0c60\" data-element_type=\"section\">\n\t\t\t\t\t\t<div class=\"elementor-container elementor-column-gap-default\">\n\t\t\t\t\t\t\t<div class=\"elementor-row\">\n\t\t\t\t\t<div class=\"elementor-column elementor-col-100 elementor-top-column elementor-element elementor-element-d686ac6\" data-id=\"d686ac6\" data-element_type=\"column\">\n\t\t\t<div class=\"elementor-column-wrap elementor-element-populated\">\n\t\t\t\t\t\t\t<div class=\"elementor-widget-wrap\">\n\t\t\t\t\t\t<div class=\"elementor-element elementor-element-155cbc1 elementor-widget elementor-widget-text-editor\" data-id=\"155cbc1\" data-element_type=\"widget\" data-widget_type=\"text-editor.default\">\n\t\t\t\t<div class=\"elementor-widget-container\">\n\t\t\t\t\t\t\t\t<div class=\"elementor-text-editor elementor-clearfix\">\n\t\t\t\t\t<p><span style=\"font-family: Roboto, sans-serif; font-size: 14px; font-style: normal; font-variant-ligatures: normal; font-variant-caps: normal; font-weight: 400;\">Unser Fr\u00fchlingsfest 2019 wird voraussichtlich am 30. M\u00e4rz 2019 stattfinden.<\/span><\/p>\t\t\t\t\t<\/div>\n\t\t\t\t\t\t<\/div>\n\t\t\t\t<\/div>\n\t\t\t\t\t\t<\/div>\n\t\t\t\t\t<\/div>\n\t\t<\/div>\n\t\t\t\t\t\t\t\t<\/div>\n\t\t\t\t\t<\/div>\n\t\t<\/section>\n\t\t\t\t\t\t<\/div>\n\t\t\t\t\t\t<\/div>\n\t\t\t\t\t<\/div>\n\t\t","protected":false},"excerpt":{"rendered":"<p>Aufgrund der schlechten Witterung hat das Organisationsteam beschlossen, dass wir eine Winterpause bis ca. Mitte Februar einlegen. Wann es wieder los geht, erfahrt Ihr rechtzeitig hier. Wer sich in der Zwischenzeit f\u00fcr den Garten\u00a0der Begegnung n\u00e4her informieren m\u00f6chte, kann dies gerne bei Wolfgang J\u00fcngling, Tel. 07472 \/ 165-407 oder per E-Mail willkommenskultur@rottenburg.de tun. Unser Fr\u00fchlingsfest [&hellip;]<\/p>\n","protected":false},"author":1,"featured_media":0,"comment_status":"open","ping_status":"closed","sticky":false,"template":"","format":"standard","meta":[],"categories":[9],"tags":[],"_links":{"self":[{"href":"http:\/\/begegnungsgarten.de\/index.php?rest_route=\/wp\/v2\/posts\/365"}],"collection":[{"href":"http:\/\/begegnungsgarten.de\/index.php?rest_route=\/wp\/v2\/posts"}],"about":[{"href":"http:\/\/begegnungsgarten.de\/index.php?rest_route=\/wp\/v2\/types\/post"}],"author":[{"embeddable":true,"href":"http:\/\/begegnungsgarten.de\/index.php?rest_route=\/wp\/v2\/users\/1"}],"replies":[{"embeddable":true,"href":"http:\/\/begegnungsgarten.de\/index.php?rest_route=%2Fwp%2Fv2%2Fcomments&post=365"}],"version-history":[{"count":8,"href":"http:\/\/begegnungsgarten.de\/index.php?rest_route=\/wp\/v2\/posts\/365\/revisions"}],"predecessor-version":[{"id":514,"href":"http:\/\/begegnungsgarten.de\/index.php?rest_route=\/wp\/v2\/posts\/365\/revisions\/514"}],"wp:attachment":[{"href":"http:\/\/begegnungsgarten.de\/index.php?rest_route=%2Fwp%2Fv2%2Fmedia&parent=365"}],"wp:term":[{"taxonomy":"category","embeddable":true,"href":"http:\/\/begegnungsgarten.de\/index.php?rest_route=%2Fwp%2Fv2%2Fcategories&post=365"},{"taxonomy":"post_tag","embeddable":true,"href":"http:\/\/begegnungsgarten.de\/index.php?rest_route=%2Fwp%2Fv2%2Ftags&post=365"}],"curies":[{"name":"wp","href":"https:\/\/api.w.org\/{rel}","templated":true}]}}